{"id":2994,"date":"2015-11-10T08:30:12","date_gmt":"2015-11-10T13:30:12","guid":{"rendered":"http:\/\/www.linesmanner.com\/?p=2994"},"modified":"2020-04-30T09:28:16","modified_gmt":"2020-04-30T14:28:16","slug":"rev","status":"publish","type":"post","link":"https:\/\/www.linesmanner.com\/fr\/rev\/","title":{"rendered":"REV"},"content":{"rendered":"<p style=\"text-align: justify;\"><a href=\"http:\/\/www.linesmanner.com\/wp-content\/uploads\/2015\/11\/REV-1of3.jpg\"><img decoding=\"async\" loading=\"lazy\" class=\"aligncenter size-full wp-image-2995\" src=\"http:\/\/www.linesmanner.com\/wp-content\/uploads\/2015\/11\/REV-1of3.jpg\" alt=\"Lines-Manner-sustainable-quality-REV-r\u00eave_en_vert-timeless-long_term-paris_climate_change_summit-consciousness-awareness-organic_cotton-campaign-collaboration-environment-fashion-1\" width=\"1500\" height=\"844\" srcset=\"https:\/\/www.linesmanner.com\/wp-content\/uploads\/2015\/11\/REV-1of3.jpg 1500w, https:\/\/www.linesmanner.com\/wp-content\/uploads\/2015\/11\/REV-1of3-600x338.jpg 600w, https:\/\/www.linesmanner.com\/wp-content\/uploads\/2015\/11\/REV-1of3-768x432.jpg 768w\" sizes=\"(max-width: 1500px) 100vw, 1500px\" \/><\/a><br \/>\nIl \u00e9tait primordial pour Lines\/Manner de partager son int\u00e9ressante et saisissante d\u00e9couverte de la marque <a href=\"https:\/\/reve-en-vert.com\/\" target=\"_blank\" rel=\"noopener noreferrer\">REV, by R\u00eave en Vert<\/a>.<!--more--><\/p>\n<p style=\"text-align: justify;\">REV a \u00e9t\u00e9 fond\u00e9e en 2013 et est le tout premier site en ligne pour la mode haut de gamme \u00e9co-responsable, mettant particuli\u00e8rement en avant les designers ind\u00e9pendants et \u00e9mergeants qui r\u00e9alisent leurs travaux avec respect pour notre plan\u00e8te ainsi qu&rsquo;envers la population qui la comble. Lorsque REV m\u2019a contact\u00e9, je me suis retrouv\u00e9e plus qu\u2019enthousiaste. En cr\u00e9ant un r\u00e9el \u00e9cho en moi gr\u00e2ce \u00e0 leur position environnementale et leur ethique, je me suis sentie en parfaite harmonie avec cet int\u00e9r\u00eat port\u00e9 sur une mode \u00e9co-responsable.<\/p>\n<p style=\"text-align: justify;\">Si vous suivez Lines\/Manner depuis un moment, vous n\u2019avez pu manquer qu\u2019en plus d\u2019\u00eatre styliste personnelle et bloggueuse mode, Lines\/Manner promouvoit les designers \u00e9mergeants et appr\u00e9cie r\u00e9guli\u00e8rement de d\u00e9couvrir des talents ind\u00e9pendants afin de les mettre en lumi\u00e8re. Pr\u00e9c\u00e9demment expos\u00e9 dans mon article \u00ab <a href=\"http:\/\/www.linesmanner.com\/recycled-minimalism\/\" target=\"_blank\" rel=\"noopener noreferrer\">RECYCLED MINIMALISM<\/a> \u00bb expliquant le fantastique travail de Christina Fischer, je privil\u00e9gie la d\u00e9monstration de v\u00eatements durables et qualitatifs. Je tente de faire de mon mieux pour exposer nombre d\u2019id\u00e9es sur le sujet, tel que mon orientation vers les pi\u00e8ces intemporelles, \u00e0 long terme, plus qu\u2019une consommation des tendances et de styles qui passent. Je d\u00e9sirais donc m\u2019engager et m\u2019affirmer davantage sur le sujet.<\/p>\n<p style=\"text-align: justify;\">C\u2019est la raison pour laquelle j\u2019ai accept\u00e9 de participer \u00e0 la campagne VIP Influencer organis\u00e9e et cr\u00e9e par REV, mise en place du 9 au 30 Novembre. En effet, cette derni\u00e8re a pour but de rassembler tou(te)s les int\u00e9ress\u00e9(e)s pour la Conf\u00e9rence des Nations Unies sur le Climat du 30 Novembre au 11 D\u00e9cembre prochain \u00e0 Paris. Je suis v\u00e9ritablement honor\u00e9e d\u2019avoir \u00e9t\u00e9 choisie comme l\u2019une des porte-paroles de la campagne REV et trouvais n\u00e9cessaire de donner ma voix concernant l\u2019impact de la mode sur l\u2019environnement.<\/p>\n<p style=\"text-align: justify;\">Le T-Shirt REV en <a href=\"https:\/\/reve-en-vert.com\/\" target=\"_blank\" rel=\"noopener noreferrer\">coton organique<\/a> est l\u2019embl\u00e8me m\u00eame de ce mouvement. Un basic de qualit\u00e9 qui perdure dans le temps.<br \/>\nIl a \u00e9t\u00e9 fabriqu\u00e9 \u00e0 partir du coton pima certifi\u00e9 organique, celui-ci m\u00eame cultiv\u00e9 tout pr\u00e8s de Lima au P\u00e9rou. Ces fils de coton sont les plus longs, les plus r\u00e9sistants et les plus doux au monde.<br \/>\nNotez que les ventes de ces <a href=\"https:\/\/reve-en-vert.com\/\" target=\"_blank\" rel=\"noopener noreferrer\">T-shirts<\/a>, durant toute cette p\u00e9riode de campagne, seront revers\u00e9es \u00e0 R\u00e9volution Mode (@fashion_rev) pour encourager les confectionneurs et les droits environnementaux.<\/p>\n<p style=\"text-align: justify;\">Vous pouvez \u00e9galement retrouver ce mouvement sur mon compte <a href=\"https:\/\/instagram.com\/linesmanner\/\" target=\"_blank\" rel=\"noopener noreferrer\">Instagram<\/a>. N\u2019h\u00e9sitez pas \u00e0 partager cette belle et d\u00e9cisive approche autour de vous, afin de nous donner \u00e0 tous l\u2019opportunit\u00e9 de prot\u00e9ger et pr\u00e9server notre merveilleuse plan\u00e8te. Pour celles et ceux int\u00e9ress\u00e9(e)s, vous pouvez obtenir <a href=\"https:\/\/web.archive.org\/web\/20160422045204\/http:\/\/revenvert.com\/paris-climate-change-summit\/\" target=\"_blank\" rel=\"noopener noreferrer\">plus d&rsquo;informations<\/a> sur la Conf\u00e9rence des N.U sur le climat.<\/p>\n<p style=\"text-align: justify;\">*REV est \u00e9galement en partenariat avec \u00ab\u00a0Trees for the future\u00a0\u00bb, reversant ainsi un pourcentage de leurs ventes afin de limiter leur empreinte carbone. Retrouvez plus d&rsquo;informations \u00e0 ce sujet, <a href=\"https:\/\/web.archive.org\/web\/20160907081913\/http:\/\/revenvert.com:80\/ethos\/\" target=\"_blank\" rel=\"noopener noreferrer\">ici<\/a>.<\/p>\n<p><a href=\"http:\/\/www.linesmanner.com\/wp-content\/uploads\/2015\/11\/REV-3of3.jpg\"><img decoding=\"async\" loading=\"lazy\" class=\"aligncenter size-full wp-image-2996\" src=\"http:\/\/www.linesmanner.com\/wp-content\/uploads\/2015\/11\/REV-3of3.jpg\" alt=\"Lines-Manner-sustainable-quality-REV-r\u00eave_en_vert-timeless-long_term-paris_climate_change_summit-consciousness-awareness-organic_cotton-campaign-collaboration-environment-fashion-2\" width=\"1500\" height=\"882\" srcset=\"https:\/\/www.linesmanner.com\/wp-content\/uploads\/2015\/11\/REV-3of3.jpg 1500w, https:\/\/www.linesmanner.com\/wp-content\/uploads\/2015\/11\/REV-3of3-600x353.jpg 600w, https:\/\/www.linesmanner.com\/wp-content\/uploads\/2015\/11\/REV-3of3-768x452.jpg 768w\" sizes=\"(max-width: 1500px) 100vw, 1500px\" \/><\/a>T-Shirt Elizabeth 100% Cotton Pima Organique <a href=\"https:\/\/reve-en-vert.com\/\" target=\"_blank\" rel=\"noopener noreferrer\">REV<\/a><\/p>\n<p><a href=\"http:\/\/www.linesmanner.com\/wp-content\/uploads\/2015\/11\/REV-2of3.jpg\"><img decoding=\"async\" loading=\"lazy\" class=\"aligncenter size-full wp-image-2998\" src=\"http:\/\/www.linesmanner.com\/wp-content\/uploads\/2015\/11\/REV-2of3.jpg\" alt=\"Lines-Manner-sustainable-quality-REV-r\u00eave_en_vert-timeless-long_term-paris_climate_change_summit-consciousness-awareness-organic_cotton-campaign-collaboration-environment-fashion-3\" width=\"1500\" height=\"844\" srcset=\"https:\/\/www.linesmanner.com\/wp-content\/uploads\/2015\/11\/REV-2of3.jpg 1500w, https:\/\/www.linesmanner.com\/wp-content\/uploads\/2015\/11\/REV-2of3-600x338.jpg 600w, https:\/\/www.linesmanner.com\/wp-content\/uploads\/2015\/11\/REV-2of3-768x432.jpg 768w\" sizes=\"(max-width: 1500px) 100vw, 1500px\" \/><\/a><\/p>\n","protected":false},"excerpt":{"rendered":"<p>Il \u00e9tait primordial pour Lines\/Manner de partager son int\u00e9ressante et saisissante d\u00e9couverte de la marque REV, by R\u00eave en Vert.<\/p>\n","protected":false},"author":1,"featured_media":2995,"comment_status":"open","ping_status":"open","sticky":false,"template":"","format":"standard","meta":{"_mi_skip_tracking":false,"_monsterinsights_sitenote_active":false,"_monsterinsights_sitenote_note":"","_monsterinsights_sitenote_category":0,"footnotes":""},"categories":[30,253,182,423,832,254,493],"tags":[417,412,393,415,418,422,416,183,419,421,413,414,271,424,425,246,420,309],"aioseo_notices":[],"_links":{"self":[{"href":"https:\/\/www.linesmanner.com\/fr\/wp-json\/wp\/v2\/posts\/2994"}],"collection":[{"href":"https:\/\/www.linesmanner.com\/fr\/wp-json\/wp\/v2\/posts"}],"about":[{"href":"https:\/\/www.linesmanner.com\/fr\/wp-json\/wp\/v2\/types\/post"}],"author":[{"embeddable":true,"href":"https:\/\/www.linesmanner.com\/fr\/wp-json\/wp\/v2\/users\/1"}],"replies":[{"embeddable":true,"href":"https:\/\/www.linesmanner.com\/fr\/wp-json\/wp\/v2\/comments?post=2994"}],"version-history":[{"count":5,"href":"https:\/\/www.linesmanner.com\/fr\/wp-json\/wp\/v2\/posts\/2994\/revisions"}],"predecessor-version":[{"id":9370,"href":"https:\/\/www.linesmanner.com\/fr\/wp-json\/wp\/v2\/posts\/2994\/revisions\/9370"}],"wp:featuredmedia":[{"embeddable":true,"href":"https:\/\/www.linesmanner.com\/fr\/wp-json\/wp\/v2\/media\/2995"}],"wp:attachment":[{"href":"https:\/\/www.linesmanner.com\/fr\/wp-json\/wp\/v2\/media?parent=2994"}],"wp:term":[{"taxonomy":"category","embeddable":true,"href":"https:\/\/www.linesmanner.com\/fr\/wp-json\/wp\/v2\/categories?post=2994"},{"taxonomy":"post_tag","embeddable":true,"href":"https:\/\/www.linesmanner.com\/fr\/wp-json\/wp\/v2\/tags?post=2994"}],"curies":[{"name":"wp","href":"https:\/\/api.w.org\/{rel}","templated":true}]}}